{"id":1,"date":"2025-12-09T16:59:41","date_gmt":"2025-12-09T16:59:41","guid":{"rendered":"http:\/\/gaelle.lespetitscouvreursdelaloire.fr\/?p=1"},"modified":"2026-02-16T15:02:55","modified_gmt":"2026-02-16T14:02:55","slug":"combien-coute-la-refection-dune-toiture-en-ardoises","status":"publish","type":"post","link":"https:\/\/gaelle.lespetitscouvreursdelaloire.fr\/index.php\/2025\/12\/09\/combien-coute-la-refection-dune-toiture-en-ardoises\/","title":{"rendered":"Combien co\u00fbte la r\u00e9fection d\u2019une toiture en ardoises ?"},"content":{"rendered":"\n<h1 class=\"wp-block-heading\">Combien co\u00fbte la r\u00e9fection d\u2019une toiture en ardoises ?<\/h1>\n\n\n\n<p>Le co\u00fbt de la r\u00e9fection d\u2019une toiture en ardoises peut varier en fonction de plusieurs facteurs, dont la surface \u00e0 couvrir, la complexit\u00e9 du toit, le type et la qualit\u00e9 des ardoises, ainsi que les tarifs de la main-d\u2019\u0153uvre dans la r\u00e9gion.<\/p>\n\n\n\n<h2 class=\"wp-block-heading\">Pourquoi choisir l\u2019ardoise pour une r\u00e9novation de toiture?<\/h2>\n\n\n\n<p>Alors que les toitures en ardoise repr\u00e9sentent un mat\u00e9riau ancestral, on rel\u00e8ve plusieurs bonnes raisons de choisir l\u2019ardoise pour une r\u00e9novation de toiture.<\/p>\n\n\n\n<h3 class=\"wp-block-heading\"><strong>L\u2019esth\u00e9tique<\/strong><\/h3>\n\n\n\n<p>Tout d\u2019abord, l\u2019ardoise offre une apparence naturelle et \u00e9l\u00e9gante qui peut donner un aspect haut de gamme \u00e0 votre maison. Elle est disponible dans une vari\u00e9t\u00e9 de couleurs, de textures et de formes, ce qui permet de cr\u00e9er des toitures tr\u00e8s esth\u00e9tiques et personnalis\u00e9es.<\/p>\n\n\n\n<p>De plus, il est important de noter qu\u2019une toiture en ardoise peut ajouter de la valeur \u00e0 votre maison en raison de sa durabilit\u00e9, de son attrait esth\u00e9tique et de sa r\u00e9putation de qualit\u00e9.<\/p>\n\n\n\n<h3 class=\"wp-block-heading\"><strong>La r\u00e9sistance<\/strong><\/h3>\n\n\n\n<p>\u00c9galement, il faut savoir que l\u2019<a href=\"https:\/\/ppf.fr\/amelioration-de-lhabitat\/toiture-ardoise\/#:~:text=C'est%20notamment%20pour%20cela,durer%20jusqu'%C3%A0%20100%20ans.\">ardoise est l\u2019un des mat\u00e9riaux de toiture les plus durables<\/a>&nbsp;disponibles. En effet, elle est r\u00e9sistante aux intemp\u00e9ries, aux UV, \u00e0 la moisissure, aux insectes et \u00e0 la pourriture. De ce fait, une toiture en ardoise bien entretenue peut durer plusieurs d\u00e9cennies, voire plus d\u2019un si\u00e8cle dans certains cas.<\/p>\n\n\n\n<p>Par ailleurs, l\u2019ardoise est un mat\u00e9riau non combustible, ce qui en fait un excellent choix pour la s\u00e9curit\u00e9 incendie de votre maison.<\/p>\n\n\n\n<h3 class=\"wp-block-heading\"><strong>La facilit\u00e9 d\u2019entretien<\/strong><\/h3>\n\n\n\n<p>Contrairement \u00e0 d\u2019autres mat\u00e9riaux de toiture, l\u2019ardoise n\u00e9cessite peu d\u2019entretien. En effet, elle conserve sa couleur et sa forme au fil du temps, et il suffit g\u00e9n\u00e9ralement de nettoyer la toiture de temps en temps pour en assurer la long\u00e9vit\u00e9.<\/p>\n\n\n\n<p>L\u2019ardoise est un mat\u00e9riau naturel qui ne n\u00e9cessite pas de produits chimiques ou de proc\u00e9d\u00e9s industriels importants pour sa fabrication. De plus, comme elle a une dur\u00e9e de vie si longue, elle r\u00e9duit la fr\u00e9quence \u00e0 laquelle la toiture doit \u00eatre remplac\u00e9e, ce qui r\u00e9duit l\u2019empreinte environnementale globale.<\/p>\n\n\n\n<p>Cependant, il est important de prendre en compte le co\u00fbt initial plus \u00e9lev\u00e9 de l\u2019ardoise par rapport \u00e0 d\u2019autres mat\u00e9riaux de toiture. Bien que cela puisse \u00eatre un investissement initial plus important, les avantages \u00e0 long terme en termes de durabilit\u00e9 et d\u2019attrait esth\u00e9tique peuvent en valoir la peine pour de nombreux propri\u00e9taires.<\/p>\n\n\n\n<h2 class=\"wp-block-heading\">Qu\u2019est-ce qui fait varier le co\u00fbt d\u2019une r\u00e9novation de toiture en ardoises ?<\/h2>\n\n\n\n<p>Le prix d\u2019une toiture en ardoise peut varier consid\u00e9rablement en fonction de divers facteurs, tels que la qualit\u00e9 de l\u2019ardoise, la r\u00e9gion o\u00f9 vous vous trouvez, la complexit\u00e9 de la toiture, et le co\u00fbt de la main-d\u2019\u0153uvre.<\/p>\n\n\n\n<p>Cependant, il est important de demander des devis sp\u00e9cifiques \u00e0 des couvreurs ou des entreprises sp\u00e9cialis\u00e9es dans la toiture en ardoise, car ils pourront mieux estimer le co\u00fbt pour votre projet en prenant en compte tous les d\u00e9tails.<\/p>\n\n\n\n<p>Le prix d\u2019une r\u00e9novation de toiture en ardoise peut varier en fonction de plusieurs \u00e9l\u00e9ments :<\/p>\n\n\n\n<h3 class=\"wp-block-heading\"><strong>Le co\u00fbt d\u2019une toiture en ardoises est proportionnel \u00e0 sa surface<\/strong>.<\/h3>\n\n\n\n<p>La surface d\u2019une toiture est l\u2019un des principaux facteurs qui font varier le prix d\u2019une r\u00e9novation en ardoises.<\/p>\n\n\n\n<p>Plus la surface de la toiture est grande, plus il faudra d\u2019ardoises pour la couvrir. Le co\u00fbt des ardoises constitue une partie importante du co\u00fbt total de la r\u00e9novation, donc une plus grande surface signifie g\u00e9n\u00e9ralement un co\u00fbt plus \u00e9lev\u00e9 pour l\u2019achat des mat\u00e9riaux. En plus des ardoises elles-m\u00eames, d\u2019autres \u00e9l\u00e9ments peuvent \u00eatre n\u00e9cessaires pour la r\u00e9novation de la toiture, tels que les liteaux, les \u00e9crans de sous-toiture, les goutti\u00e8res, les fixations, etc. Le choix de ces \u00e9l\u00e9ments peut influencer le co\u00fbt total. Il existe diff\u00e9rents types d\u2019ardoises, de qualit\u00e9s et de provenances vari\u00e9es. Les ardoises de meilleure qualit\u00e9, comme celles provenant de carri\u00e8res renomm\u00e9es, seront plus ch\u00e8res.<\/p>\n\n\n\n<p>Les toitures de grande taille ont souvent des caract\u00e9ristiques plus complexes, telles que des angles, des lucarnes, des chemin\u00e9es, des pans de toit diff\u00e9rents, etc. Cela n\u00e9cessite un travail suppl\u00e9mentaire pour adapter les ardoises \u00e0 ces \u00e9l\u00e9ments et assurer une \u00e9tanch\u00e9it\u00e9 parfaite. Plus la toiture est complexe, plus le co\u00fbt de la main-d\u2019\u0153uvre peut augmenter.<\/p>\n\n\n\n<h3 class=\"wp-block-heading\"><strong>Le co\u00fbt d\u2019une toiture en ardoises varie en fonction de la main d\u2019oeuvre<\/strong>.<\/h3>\n\n\n\n<p>Le co\u00fbt de la main-d\u2019\u0153uvre peut varier en fonction de la r\u00e9gion o\u00f9 vous vous trouvez et de la r\u00e9putation de l\u2019entreprise de couverture. Ainsi, une main-d\u2019\u0153uvre qualifi\u00e9e et exp\u00e9riment\u00e9e peut entra\u00eener des co\u00fbts plus \u00e9lev\u00e9s mais aussi une meilleure qualit\u00e9 de travail.<\/p>\n\n\n\n<p>Une toiture plus grande n\u00e9cessite plus de temps et de travail pour \u00eatre r\u00e9nov\u00e9e. Les couvreurs devront passer plus de temps \u00e0 retirer les anciennes ardoises, \u00e0 installer les nouvelles, \u00e0 r\u00e9aliser les finitions, etc. Cela peut entra\u00eener une augmentation du co\u00fbt de la main-d\u2019\u0153uvre.<\/p>\n\n\n\n<p>Certains couvreurs offrent des garanties sur leur travail et les mat\u00e9riaux utilis\u00e9s, ce qui peut \u00e9galement influencer le prix. A contrario, des prix trop attractifs doivent vous alerter.<\/p>\n\n\n\n<p>Une toiture avec des formes complexes, des angles, des lucarnes, des chemin\u00e9es, ou d\u2019autres caract\u00e9ristiques sp\u00e9ciales n\u00e9cessitera plus de travail et donc un co\u00fbt plus \u00e9lev\u00e9.<\/p>\n\n\n\n<h3 class=\"wp-block-heading\"><strong>Les travaux pr\u00e9paratoires<\/strong> : des co\u00fbts \u00e0 prendre en compte.<\/h3>\n\n\n\n<p>Si des r\u00e9parations structurelles sont n\u00e9cessaires avant la pose de l\u2019ardoise, cela peut \u00e9galement augmenter le co\u00fbt total.<\/p>\n\n\n\n<p>Pour obtenir une estimation pr\u00e9cise du co\u00fbt de la r\u00e9novation de votre toiture en ardoise, il est recommand\u00e9 de contacter plusieurs couvreurs professionnels pour leur demander des devis d\u00e9taill\u00e9s. Cela vous permettra de comparer les prix et les services offerts afin de faire un choix \u00e9clair\u00e9.<\/p>\n\n\n\n<p><strong>Le prix d\u2019une r\u00e9novation de toiture en ardoise peut donc varier en fonction de plusieurs \u00e9l\u00e9ments.<\/strong><\/p>\n\n\n\n<p><strong>Vous souhaitez obtenir un devis pour la r\u00e9novation d\u2019une toiture en ardoises? N\u2019h\u00e9sitez plus \u00e0 confier votre projet aux Petits Couvreurs de la Loire en nous contactant directement au&nbsp;<a href=\"tel:0230882087\">02 30 88 20 87<\/a>&nbsp;ou bien via notre formulaire de&nbsp;<a href=\"https:\/\/gaelle.lespetitscouvreursdelaloire.fr\/index.php\/contact\/\" data-type=\"link\" data-id=\"https:\/\/gaelle.lespetitscouvreursdelaloire.fr\/index.php\/contact\/\" target=\"_blank\" rel=\"noreferrer noopener\">contact ici<\/a>.<\/strong><\/p>\n\n\n\n<p><\/p>\n","protected":false},"excerpt":{"rendered":"<p>D\u00e9couvrez dans cet article combien co\u00fbt\u00e9 la r\u00e9novation ou la r\u00e9fection d&rsquo;une toiture en ardoises.<\/p>\n","protected":false},"author":1,"featured_media":164,"comment_status":"closed","ping_status":"closed","sticky":false,"template":"","format":"standard","meta":{"saved_in_kubio":true,"_themeisle_gutenberg_block_has_review":false,"footnotes":""},"categories":[8],"tags":[],"class_list":["post-1","post","type-post","status-publish","format-standard","has-post-thumbnail","hentry","category-combien-ca-coute"],"yoast_head":"<!-- This site is optimized with the Yoast SEO plugin v27.0 - https:\/\/yoast.com\/product\/yoast-seo-wordpress\/ -->\n<title>Combien co\u00fbte la r\u00e9fection d\u2019une toiture en ardoises ? - Les Petits Couvreurs de la Loire<\/title>\n<meta name=\"robots\" content=\"index, follow, max-snippet:-1, max-image-preview:large, max-video-preview:-1\" \/>\n<link rel=\"canonical\" href=\"https:\/\/gaelle.lespetitscouvreursdelaloire.fr\/index.php\/2025\/12\/09\/combien-coute-la-refection-dune-toiture-en-ardoises\/\" \/>\n<meta property=\"og:locale\" content=\"fr_FR\" \/>\n<meta property=\"og:type\" content=\"article\" \/>\n<meta property=\"og:title\" content=\"Combien co\u00fbte la r\u00e9fection d\u2019une toiture en ardoises ? - Les Petits Couvreurs de la Loire\" \/>\n<meta property=\"og:description\" content=\"D\u00e9couvrez dans cet article combien co\u00fbt\u00e9 la r\u00e9novation ou la r\u00e9fection d&#039;une toiture en ardoises.\" \/>\n<meta property=\"og:url\" content=\"https:\/\/gaelle.lespetitscouvreursdelaloire.fr\/index.php\/2025\/12\/09\/combien-coute-la-refection-dune-toiture-en-ardoises\/\" \/>\n<meta property=\"og:site_name\" content=\"Les Petits Couvreurs de la Loire\" \/>\n<meta property=\"article:published_time\" content=\"2025-12-09T16:59:41+00:00\" \/>\n<meta property=\"article:modified_time\" content=\"2026-02-16T14:02:55+00:00\" \/>\n<meta property=\"og:image\" content=\"https:\/\/gaelle.lespetitscouvreursdelaloire.fr\/wp-content\/uploads\/2025\/12\/LPCL-Elements-du-site-Toiture-Ardoise-c.jpg\" \/>\n\t<meta property=\"og:image:width\" content=\"1920\" \/>\n\t<meta property=\"og:image:height\" content=\"1080\" \/>\n\t<meta property=\"og:image:type\" content=\"image\/jpeg\" \/>\n<meta name=\"author\" content=\"Gaelle\" \/>\n<meta name=\"twitter:card\" content=\"summary_large_image\" \/>\n<meta name=\"twitter:label1\" content=\"\u00c9crit par\" \/>\n\t<meta name=\"twitter:data1\" content=\"Gaelle\" \/>\n\t<meta name=\"twitter:label2\" content=\"Dur\u00e9e de lecture estim\u00e9e\" \/>\n\t<meta name=\"twitter:data2\" content=\"6 minutes\" \/>\n<script type=\"application\/ld+json\" class=\"yoast-schema-graph\">{\"@context\":\"https:\/\/schema.org\",\"@graph\":[{\"@type\":\"Article\",\"@id\":\"https:\/\/gaelle.lespetitscouvreursdelaloire.fr\/index.php\/2025\/12\/09\/combien-coute-la-refection-dune-toiture-en-ardoises\/#article\",\"isPartOf\":{\"@id\":\"https:\/\/gaelle.lespetitscouvreursdelaloire.fr\/index.php\/2025\/12\/09\/combien-coute-la-refection-dune-toiture-en-ardoises\/\"},\"author\":{\"name\":\"Gaelle\",\"@id\":\"https:\/\/gaelle.lespetitscouvreursdelaloire.fr\/#\/schema\/person\/1a53ae29e2acb7cc6541012c4c42a2af\"},\"headline\":\"Combien co\u00fbte la r\u00e9fection d\u2019une toiture en ardoises ?\",\"datePublished\":\"2025-12-09T16:59:41+00:00\",\"dateModified\":\"2026-02-16T14:02:55+00:00\",\"mainEntityOfPage\":{\"@id\":\"https:\/\/gaelle.lespetitscouvreursdelaloire.fr\/index.php\/2025\/12\/09\/combien-coute-la-refection-dune-toiture-en-ardoises\/\"},\"wordCount\":1127,\"publisher\":{\"@id\":\"https:\/\/gaelle.lespetitscouvreursdelaloire.fr\/#organization\"},\"image\":{\"@id\":\"https:\/\/gaelle.lespetitscouvreursdelaloire.fr\/index.php\/2025\/12\/09\/combien-coute-la-refection-dune-toiture-en-ardoises\/#primaryimage\"},\"thumbnailUrl\":\"https:\/\/gaelle.lespetitscouvreursdelaloire.fr\/wp-content\/uploads\/2025\/12\/LPCL-Elements-du-site-Toiture-Ardoise-c.jpg\",\"articleSection\":[\"Combien \u00e7a co\u00fbte ?\"],\"inLanguage\":\"fr-FR\"},{\"@type\":\"WebPage\",\"@id\":\"https:\/\/gaelle.lespetitscouvreursdelaloire.fr\/index.php\/2025\/12\/09\/combien-coute-la-refection-dune-toiture-en-ardoises\/\",\"url\":\"https:\/\/gaelle.lespetitscouvreursdelaloire.fr\/index.php\/2025\/12\/09\/combien-coute-la-refection-dune-toiture-en-ardoises\/\",\"name\":\"Combien co\u00fbte la r\u00e9fection d\u2019une toiture en ardoises ? - Les Petits Couvreurs de la Loire\",\"isPartOf\":{\"@id\":\"https:\/\/gaelle.lespetitscouvreursdelaloire.fr\/#website\"},\"primaryImageOfPage\":{\"@id\":\"https:\/\/gaelle.lespetitscouvreursdelaloire.fr\/index.php\/2025\/12\/09\/combien-coute-la-refection-dune-toiture-en-ardoises\/#primaryimage\"},\"image\":{\"@id\":\"https:\/\/gaelle.lespetitscouvreursdelaloire.fr\/index.php\/2025\/12\/09\/combien-coute-la-refection-dune-toiture-en-ardoises\/#primaryimage\"},\"thumbnailUrl\":\"https:\/\/gaelle.lespetitscouvreursdelaloire.fr\/wp-content\/uploads\/2025\/12\/LPCL-Elements-du-site-Toiture-Ardoise-c.jpg\",\"datePublished\":\"2025-12-09T16:59:41+00:00\",\"dateModified\":\"2026-02-16T14:02:55+00:00\",\"breadcrumb\":{\"@id\":\"https:\/\/gaelle.lespetitscouvreursdelaloire.fr\/index.php\/2025\/12\/09\/combien-coute-la-refection-dune-toiture-en-ardoises\/#breadcrumb\"},\"inLanguage\":\"fr-FR\",\"potentialAction\":[{\"@type\":\"ReadAction\",\"target\":[\"https:\/\/gaelle.lespetitscouvreursdelaloire.fr\/index.php\/2025\/12\/09\/combien-coute-la-refection-dune-toiture-en-ardoises\/\"]}]},{\"@type\":\"ImageObject\",\"inLanguage\":\"fr-FR\",\"@id\":\"https:\/\/gaelle.lespetitscouvreursdelaloire.fr\/index.php\/2025\/12\/09\/combien-coute-la-refection-dune-toiture-en-ardoises\/#primaryimage\",\"url\":\"https:\/\/gaelle.lespetitscouvreursdelaloire.fr\/wp-content\/uploads\/2025\/12\/LPCL-Elements-du-site-Toiture-Ardoise-c.jpg\",\"contentUrl\":\"https:\/\/gaelle.lespetitscouvreursdelaloire.fr\/wp-content\/uploads\/2025\/12\/LPCL-Elements-du-site-Toiture-Ardoise-c.jpg\",\"width\":1920,\"height\":1080,\"caption\":\"Les Petits Couvreurs de la Loire - Toiture ardoise - Combien \u00e7a coute\"},{\"@type\":\"BreadcrumbList\",\"@id\":\"https:\/\/gaelle.lespetitscouvreursdelaloire.fr\/index.php\/2025\/12\/09\/combien-coute-la-refection-dune-toiture-en-ardoises\/#breadcrumb\",\"itemListElement\":[{\"@type\":\"ListItem\",\"position\":1,\"name\":\"Accueil\",\"item\":\"https:\/\/gaelle.lespetitscouvreursdelaloire.fr\/\"},{\"@type\":\"ListItem\",\"position\":2,\"name\":\"Combien co\u00fbte la r\u00e9fection d\u2019une toiture en ardoises ?\"}]},{\"@type\":\"WebSite\",\"@id\":\"https:\/\/gaelle.lespetitscouvreursdelaloire.fr\/#website\",\"url\":\"https:\/\/gaelle.lespetitscouvreursdelaloire.fr\/\",\"name\":\"Les Petits Couvreurs de la Loire\",\"description\":\"\",\"publisher\":{\"@id\":\"https:\/\/gaelle.lespetitscouvreursdelaloire.fr\/#organization\"},\"potentialAction\":[{\"@type\":\"SearchAction\",\"target\":{\"@type\":\"EntryPoint\",\"urlTemplate\":\"https:\/\/gaelle.lespetitscouvreursdelaloire.fr\/?s={search_term_string}\"},\"query-input\":{\"@type\":\"PropertyValueSpecification\",\"valueRequired\":true,\"valueName\":\"search_term_string\"}}],\"inLanguage\":\"fr-FR\"},{\"@type\":\"Organization\",\"@id\":\"https:\/\/gaelle.lespetitscouvreursdelaloire.fr\/#organization\",\"name\":\"Les Petits Couvreurs de la Loire\",\"url\":\"https:\/\/gaelle.lespetitscouvreursdelaloire.fr\/\",\"logo\":{\"@type\":\"ImageObject\",\"inLanguage\":\"fr-FR\",\"@id\":\"https:\/\/gaelle.lespetitscouvreursdelaloire.fr\/#\/schema\/logo\/image\/\",\"url\":\"https:\/\/gaelle.lespetitscouvreursdelaloire.fr\/wp-content\/uploads\/2025\/12\/Logo-LPCL-blanc-1.png\",\"contentUrl\":\"https:\/\/gaelle.lespetitscouvreursdelaloire.fr\/wp-content\/uploads\/2025\/12\/Logo-LPCL-blanc-1.png\",\"width\":429,\"height\":279,\"caption\":\"Les Petits Couvreurs de la Loire\"},\"image\":{\"@id\":\"https:\/\/gaelle.lespetitscouvreursdelaloire.fr\/#\/schema\/logo\/image\/\"}},{\"@type\":\"Person\",\"@id\":\"https:\/\/gaelle.lespetitscouvreursdelaloire.fr\/#\/schema\/person\/1a53ae29e2acb7cc6541012c4c42a2af\",\"name\":\"Gaelle\",\"image\":{\"@type\":\"ImageObject\",\"inLanguage\":\"fr-FR\",\"@id\":\"https:\/\/gaelle.lespetitscouvreursdelaloire.fr\/#\/schema\/person\/image\/\",\"url\":\"https:\/\/secure.gravatar.com\/avatar\/771f5ea83880da7e58f6ae0c597a8643cfa33460b19466c6800f6bf03f3e1c0f?s=96&d=mm&r=g\",\"contentUrl\":\"https:\/\/secure.gravatar.com\/avatar\/771f5ea83880da7e58f6ae0c597a8643cfa33460b19466c6800f6bf03f3e1c0f?s=96&d=mm&r=g\",\"caption\":\"Gaelle\"},\"sameAs\":[\"http:\/\/gaelle.lespetitscouvreursdelaloire.fr\"],\"url\":\"https:\/\/gaelle.lespetitscouvreursdelaloire.fr\/index.php\/author\/gaelle\/\"}]}<\/script>\n<!-- \/ Yoast SEO plugin. -->","yoast_head_json":{"title":"Combien co\u00fbte la r\u00e9fection d\u2019une toiture en ardoises ? - Les Petits Couvreurs de la Loire","robots":{"index":"index","follow":"follow","max-snippet":"max-snippet:-1","max-image-preview":"max-image-preview:large","max-video-preview":"max-video-preview:-1"},"canonical":"https:\/\/gaelle.lespetitscouvreursdelaloire.fr\/index.php\/2025\/12\/09\/combien-coute-la-refection-dune-toiture-en-ardoises\/","og_locale":"fr_FR","og_type":"article","og_title":"Combien co\u00fbte la r\u00e9fection d\u2019une toiture en ardoises ? - Les Petits Couvreurs de la Loire","og_description":"D\u00e9couvrez dans cet article combien co\u00fbt\u00e9 la r\u00e9novation ou la r\u00e9fection d'une toiture en ardoises.","og_url":"https:\/\/gaelle.lespetitscouvreursdelaloire.fr\/index.php\/2025\/12\/09\/combien-coute-la-refection-dune-toiture-en-ardoises\/","og_site_name":"Les Petits Couvreurs de la Loire","article_published_time":"2025-12-09T16:59:41+00:00","article_modified_time":"2026-02-16T14:02:55+00:00","og_image":[{"width":1920,"height":1080,"url":"https:\/\/gaelle.lespetitscouvreursdelaloire.fr\/wp-content\/uploads\/2025\/12\/LPCL-Elements-du-site-Toiture-Ardoise-c.jpg","type":"image\/jpeg"}],"author":"Gaelle","twitter_card":"summary_large_image","twitter_misc":{"\u00c9crit par":"Gaelle","Dur\u00e9e de lecture estim\u00e9e":"6 minutes"},"schema":{"@context":"https:\/\/schema.org","@graph":[{"@type":"Article","@id":"https:\/\/gaelle.lespetitscouvreursdelaloire.fr\/index.php\/2025\/12\/09\/combien-coute-la-refection-dune-toiture-en-ardoises\/#article","isPartOf":{"@id":"https:\/\/gaelle.lespetitscouvreursdelaloire.fr\/index.php\/2025\/12\/09\/combien-coute-la-refection-dune-toiture-en-ardoises\/"},"author":{"name":"Gaelle","@id":"https:\/\/gaelle.lespetitscouvreursdelaloire.fr\/#\/schema\/person\/1a53ae29e2acb7cc6541012c4c42a2af"},"headline":"Combien co\u00fbte la r\u00e9fection d\u2019une toiture en ardoises ?","datePublished":"2025-12-09T16:59:41+00:00","dateModified":"2026-02-16T14:02:55+00:00","mainEntityOfPage":{"@id":"https:\/\/gaelle.lespetitscouvreursdelaloire.fr\/index.php\/2025\/12\/09\/combien-coute-la-refection-dune-toiture-en-ardoises\/"},"wordCount":1127,"publisher":{"@id":"https:\/\/gaelle.lespetitscouvreursdelaloire.fr\/#organization"},"image":{"@id":"https:\/\/gaelle.lespetitscouvreursdelaloire.fr\/index.php\/2025\/12\/09\/combien-coute-la-refection-dune-toiture-en-ardoises\/#primaryimage"},"thumbnailUrl":"https:\/\/gaelle.lespetitscouvreursdelaloire.fr\/wp-content\/uploads\/2025\/12\/LPCL-Elements-du-site-Toiture-Ardoise-c.jpg","articleSection":["Combien \u00e7a co\u00fbte ?"],"inLanguage":"fr-FR"},{"@type":"WebPage","@id":"https:\/\/gaelle.lespetitscouvreursdelaloire.fr\/index.php\/2025\/12\/09\/combien-coute-la-refection-dune-toiture-en-ardoises\/","url":"https:\/\/gaelle.lespetitscouvreursdelaloire.fr\/index.php\/2025\/12\/09\/combien-coute-la-refection-dune-toiture-en-ardoises\/","name":"Combien co\u00fbte la r\u00e9fection d\u2019une toiture en ardoises ? - Les Petits Couvreurs de la Loire","isPartOf":{"@id":"https:\/\/gaelle.lespetitscouvreursdelaloire.fr\/#website"},"primaryImageOfPage":{"@id":"https:\/\/gaelle.lespetitscouvreursdelaloire.fr\/index.php\/2025\/12\/09\/combien-coute-la-refection-dune-toiture-en-ardoises\/#primaryimage"},"image":{"@id":"https:\/\/gaelle.lespetitscouvreursdelaloire.fr\/index.php\/2025\/12\/09\/combien-coute-la-refection-dune-toiture-en-ardoises\/#primaryimage"},"thumbnailUrl":"https:\/\/gaelle.lespetitscouvreursdelaloire.fr\/wp-content\/uploads\/2025\/12\/LPCL-Elements-du-site-Toiture-Ardoise-c.jpg","datePublished":"2025-12-09T16:59:41+00:00","dateModified":"2026-02-16T14:02:55+00:00","breadcrumb":{"@id":"https:\/\/gaelle.lespetitscouvreursdelaloire.fr\/index.php\/2025\/12\/09\/combien-coute-la-refection-dune-toiture-en-ardoises\/#breadcrumb"},"inLanguage":"fr-FR","potentialAction":[{"@type":"ReadAction","target":["https:\/\/gaelle.lespetitscouvreursdelaloire.fr\/index.php\/2025\/12\/09\/combien-coute-la-refection-dune-toiture-en-ardoises\/"]}]},{"@type":"ImageObject","inLanguage":"fr-FR","@id":"https:\/\/gaelle.lespetitscouvreursdelaloire.fr\/index.php\/2025\/12\/09\/combien-coute-la-refection-dune-toiture-en-ardoises\/#primaryimage","url":"https:\/\/gaelle.lespetitscouvreursdelaloire.fr\/wp-content\/uploads\/2025\/12\/LPCL-Elements-du-site-Toiture-Ardoise-c.jpg","contentUrl":"https:\/\/gaelle.lespetitscouvreursdelaloire.fr\/wp-content\/uploads\/2025\/12\/LPCL-Elements-du-site-Toiture-Ardoise-c.jpg","width":1920,"height":1080,"caption":"Les Petits Couvreurs de la Loire - Toiture ardoise - Combien \u00e7a coute"},{"@type":"BreadcrumbList","@id":"https:\/\/gaelle.lespetitscouvreursdelaloire.fr\/index.php\/2025\/12\/09\/combien-coute-la-refection-dune-toiture-en-ardoises\/#breadcrumb","itemListElement":[{"@type":"ListItem","position":1,"name":"Accueil","item":"https:\/\/gaelle.lespetitscouvreursdelaloire.fr\/"},{"@type":"ListItem","position":2,"name":"Combien co\u00fbte la r\u00e9fection d\u2019une toiture en ardoises ?"}]},{"@type":"WebSite","@id":"https:\/\/gaelle.lespetitscouvreursdelaloire.fr\/#website","url":"https:\/\/gaelle.lespetitscouvreursdelaloire.fr\/","name":"Les Petits Couvreurs de la Loire","description":"","publisher":{"@id":"https:\/\/gaelle.lespetitscouvreursdelaloire.fr\/#organization"},"potentialAction":[{"@type":"SearchAction","target":{"@type":"EntryPoint","urlTemplate":"https:\/\/gaelle.lespetitscouvreursdelaloire.fr\/?s={search_term_string}"},"query-input":{"@type":"PropertyValueSpecification","valueRequired":true,"valueName":"search_term_string"}}],"inLanguage":"fr-FR"},{"@type":"Organization","@id":"https:\/\/gaelle.lespetitscouvreursdelaloire.fr\/#organization","name":"Les Petits Couvreurs de la Loire","url":"https:\/\/gaelle.lespetitscouvreursdelaloire.fr\/","logo":{"@type":"ImageObject","inLanguage":"fr-FR","@id":"https:\/\/gaelle.lespetitscouvreursdelaloire.fr\/#\/schema\/logo\/image\/","url":"https:\/\/gaelle.lespetitscouvreursdelaloire.fr\/wp-content\/uploads\/2025\/12\/Logo-LPCL-blanc-1.png","contentUrl":"https:\/\/gaelle.lespetitscouvreursdelaloire.fr\/wp-content\/uploads\/2025\/12\/Logo-LPCL-blanc-1.png","width":429,"height":279,"caption":"Les Petits Couvreurs de la Loire"},"image":{"@id":"https:\/\/gaelle.lespetitscouvreursdelaloire.fr\/#\/schema\/logo\/image\/"}},{"@type":"Person","@id":"https:\/\/gaelle.lespetitscouvreursdelaloire.fr\/#\/schema\/person\/1a53ae29e2acb7cc6541012c4c42a2af","name":"Gaelle","image":{"@type":"ImageObject","inLanguage":"fr-FR","@id":"https:\/\/gaelle.lespetitscouvreursdelaloire.fr\/#\/schema\/person\/image\/","url":"https:\/\/secure.gravatar.com\/avatar\/771f5ea83880da7e58f6ae0c597a8643cfa33460b19466c6800f6bf03f3e1c0f?s=96&d=mm&r=g","contentUrl":"https:\/\/secure.gravatar.com\/avatar\/771f5ea83880da7e58f6ae0c597a8643cfa33460b19466c6800f6bf03f3e1c0f?s=96&d=mm&r=g","caption":"Gaelle"},"sameAs":["http:\/\/gaelle.lespetitscouvreursdelaloire.fr"],"url":"https:\/\/gaelle.lespetitscouvreursdelaloire.fr\/index.php\/author\/gaelle\/"}]}},"_links":{"self":[{"href":"https:\/\/gaelle.lespetitscouvreursdelaloire.fr\/index.php\/wp-json\/wp\/v2\/posts\/1","targetHints":{"allow":["GET"]}}],"collection":[{"href":"https:\/\/gaelle.lespetitscouvreursdelaloire.fr\/index.php\/wp-json\/wp\/v2\/posts"}],"about":[{"href":"https:\/\/gaelle.lespetitscouvreursdelaloire.fr\/index.php\/wp-json\/wp\/v2\/types\/post"}],"author":[{"embeddable":true,"href":"https:\/\/gaelle.lespetitscouvreursdelaloire.fr\/index.php\/wp-json\/wp\/v2\/users\/1"}],"replies":[{"embeddable":true,"href":"https:\/\/gaelle.lespetitscouvreursdelaloire.fr\/index.php\/wp-json\/wp\/v2\/comments?post=1"}],"version-history":[{"count":4,"href":"https:\/\/gaelle.lespetitscouvreursdelaloire.fr\/index.php\/wp-json\/wp\/v2\/posts\/1\/revisions"}],"predecessor-version":[{"id":174,"href":"https:\/\/gaelle.lespetitscouvreursdelaloire.fr\/index.php\/wp-json\/wp\/v2\/posts\/1\/revisions\/174"}],"wp:featuredmedia":[{"embeddable":true,"href":"https:\/\/gaelle.lespetitscouvreursdelaloire.fr\/index.php\/wp-json\/wp\/v2\/media\/164"}],"wp:attachment":[{"href":"https:\/\/gaelle.lespetitscouvreursdelaloire.fr\/index.php\/wp-json\/wp\/v2\/media?parent=1"}],"wp:term":[{"taxonomy":"category","embeddable":true,"href":"https:\/\/gaelle.lespetitscouvreursdelaloire.fr\/index.php\/wp-json\/wp\/v2\/categories?post=1"},{"taxonomy":"post_tag","embeddable":true,"href":"https:\/\/gaelle.lespetitscouvreursdelaloire.fr\/index.php\/wp-json\/wp\/v2\/tags?post=1"}],"curies":[{"name":"wp","href":"https:\/\/api.w.org\/{rel}","templated":true}]}}